{"id":3364,"date":"2019-12-05T12:06:35","date_gmt":"2019-12-05T11:06:35","guid":{"rendered":"http:\/\/alonsobenjamin.com\/?p=3364"},"modified":"2019-12-05T12:10:29","modified_gmt":"2019-12-05T11:10:29","slug":"comunicacion-y-tecnicas-teatrales","status":"publish","type":"post","link":"http:\/\/alonsobenjamin.com\/?p=3364","title":{"rendered":"COMUNICACI\u00d3N Y T\u00c9CNICAS TEATRALES"},"content":{"rendered":"<h2 style=\"text-align: center;\"><a href=\"http:\/\/alonsobenjamin.com\/?p=3364&amp;preview_id=3364&amp;preview_nonce=e710fb7e7e&amp;_thumbnail_id=-1&amp;preview=true\">COMUNICACI\u00d3N Y T\u00c9CNICAS TEATRALES<\/a><\/h2>\n<p style=\"text-align: justify;\">La Universidad del Pa\u00eds Vasco UPV\/EHU ha organizado un <strong>Taller de Comunicaci\u00f3n y T\u00e9cnicas Teatrales<\/strong> impartido por Benjam\u00edn Alonso en el mes de diciembre.<\/p>\n<p><img data-recalc-dims=\"1\" loading=\"lazy\" decoding=\"async\" class=\"aligncenter wp-image-3370 size-large\" src=\"https:\/\/i0.wp.com\/alonsobenjamin.com\/wp-content\/uploads\/2019\/12\/ALUMNI.jpg?resize=590%2C194\" alt=\"\" width=\"590\" height=\"194\" srcset=\"https:\/\/i0.wp.com\/alonsobenjamin.com\/wp-content\/uploads\/2019\/12\/ALUMNI.jpg?resize=1024%2C337 1024w, https:\/\/i0.wp.com\/alonsobenjamin.com\/wp-content\/uploads\/2019\/12\/ALUMNI.jpg?resize=250%2C82 250w, https:\/\/i0.wp.com\/alonsobenjamin.com\/wp-content\/uploads\/2019\/12\/ALUMNI.jpg?resize=768%2C253 768w, https:\/\/i0.wp.com\/alonsobenjamin.com\/wp-content\/uploads\/2019\/12\/ALUMNI.jpg?w=1359 1359w, https:\/\/i0.wp.com\/alonsobenjamin.com\/wp-content\/uploads\/2019\/12\/ALUMNI.jpg?w=1180 1180w\" sizes=\"auto, (max-width: 590px) 100vw, 590px\" \/><\/p>\n<h2 style=\"text-align: center;\"><strong><span style=\"color: #99cc00;\">COMUNICACI\u00d3N Y T\u00c9CNICAS TEATRALES<\/span><\/strong><\/h2>\n<p style=\"text-align: center;\"><strong><span style=\"color: #99cc00;\"><span style=\"color: #339966;\">Eguna: <\/span>&nbsp;2019-12-12<\/span><\/strong><br \/>\n<strong><span style=\"color: #99cc00;\"><span style=\"color: #339966;\">Ordua<\/span>:&nbsp; 15:30-&nbsp;18:00<\/span><\/strong><br \/>\n<strong><span style=\"color: #99cc00;\"><span style=\"color: #339966;\">Lekua:<\/span> Ekonomiako Fakultatea-Sarriko, Bilbo,&nbsp;Basoko etxea<\/span><\/strong><\/p>\n<p style=\"text-align: center;\"><strong><span style=\"color: #99cc00;\"><span style=\"color: #339966;\">D\u00eda:&nbsp;<\/span>&nbsp;&nbsp;12-12-2019<\/span><\/strong><br \/>\n<strong><span style=\"color: #99cc00;\"><span style=\"color: #339966;\">Hora:&nbsp;<\/span> 15:30-&nbsp;18:00<\/span><\/strong><br \/>\n<strong><span style=\"color: #99cc00;\"><span style=\"color: #339966;\">Lugar:<\/span> Facultad de Econom\u00eda- Sarriko, Bilbao,&nbsp;Basoko etxea<\/span><\/strong><\/p>\n<p style=\"text-align: justify;\">La comunicaci\u00f3n es un aspecto fundamental de nuestras vidas, tanto en el \u00e1mbito personal como en el acad\u00e9mico o profesional. Tomar conciencia de su importancia es el&nbsp; primer paso para entender que el dominio de nuestras propias habilidades comunicativas puede suponer la garant\u00eda de nuestro \u00e9xito, o al menos, nos proporcionar\u00e1 mayor eficacia y favorecer\u00e1 unas relaciones interpersonales m\u00e1s fuertes y seguras.<\/p>\n<p style=\"text-align: justify;\">Esta es una formaci\u00f3n pr\u00e1ctica que utiliza t\u00e9cnicas teatrales espec\u00edficas para explorar y desarrollar las capacidades comunicativas propias de cada persona. Diferentes ejercicios nos ayudar\u00e1n a ser conscientes de los distintos elementos que participan en la comunicaci\u00f3n <span style=\"word-spacing: normal;\">con el p\u00fablico<\/span><span style=\"word-spacing: normal;\">, tanto verbal como no verbal. El taller pretende ayudarnos a <\/span>conocer mejor el comunicador que llevamos dentro y a disfrutar con nuestra comunicaci\u00f3n<span style=\"word-spacing: normal;\">.<\/span><\/p>\n<p style=\"text-align: center;\"><a class=\"fasc-button fasc-size-medium fasc-type-glossy fasc-rounded-medium ico-fa fasc-ico-before fa-pencil-square-o\" style=\"background-color: #33809e; color: #ffffff;\" target=\"_blank\" href=\"https:\/\/www.ehu.eus\/es\/group\/ehualumni\/komunikazioa-eta-antzerki-teknikak\" rel=\"noopener noreferrer\">INFORMACI\u00d3N E INSCRIPCIONES<\/a><\/p>\n","protected":false},"excerpt":{"rendered":"<p>COMUNICACI\u00d3N Y T\u00c9CNICAS TEATRALES La Universidad del Pa\u00eds Vasco UPV\/EHU ha organizado un Taller de Comunicaci\u00f3n y T\u00e9cnicas Teatrales impartido por Benjam\u00edn Alonso en el mes de diciembre. COMUNICACI\u00d3N Y T\u00c9CNICAS TEATRALES Eguna: &nbsp;2019-12-12 Ordua:&nbsp; 15:30-&nbsp;18:00 Lekua: Ekonomiako Fakultatea-Sarriko, Bilbo,&nbsp;Basoko etxea D\u00eda:&nbsp;&nbsp;&nbsp;12-12-2019 Hora:&nbsp; 15:30-&nbsp;18:00 Lugar: Facultad de Econom\u00eda- Sarriko, Bilbao,&nbsp;Basoko etxea La comunicaci\u00f3n es un<\/p>\n<div class=\"read-more\"><a href=\"http:\/\/alonsobenjamin.com\/?p=3364\">Read More<\/a><\/div>\n","protected":false},"author":2,"featured_media":3370,"comment_status":"closed","ping_status":"open","sticky":false,"template":"","format":"standard","meta":{"_jetpack_memberships_contains_paid_content":false,"footnotes":""},"categories":[52,4],"tags":[125,126,127,128,129],"class_list":["post-3364","post","type-post","status-publish","format-standard","has-post-thumbnail","hentry","category-blog","category-formacion","tag-comunicacion","tag-hablar-en-publico","tag-tecnicas-teatrales","tag-universidad","tag-upv-ehu"],"jetpack_featured_media_url":"https:\/\/i0.wp.com\/alonsobenjamin.com\/wp-content\/uploads\/2019\/12\/ALUMNI.jpg?fit=1359%2C447","jetpack_sharing_enabled":true,"_links":{"self":[{"href":"http:\/\/alonsobenjamin.com\/index.php?rest_route=\/wp\/v2\/posts\/3364","targetHints":{"allow":["GET"]}}],"collection":[{"href":"http:\/\/alonsobenjamin.com\/index.php?rest_route=\/wp\/v2\/posts"}],"about":[{"href":"http:\/\/alonsobenjamin.com\/index.php?rest_route=\/wp\/v2\/types\/post"}],"author":[{"embeddable":true,"href":"http:\/\/alonsobenjamin.com\/index.php?rest_route=\/wp\/v2\/users\/2"}],"replies":[{"embeddable":true,"href":"http:\/\/alonsobenjamin.com\/index.php?rest_route=%2Fwp%2Fv2%2Fcomments&post=3364"}],"version-history":[{"count":9,"href":"http:\/\/alonsobenjamin.com\/index.php?rest_route=\/wp\/v2\/posts\/3364\/revisions"}],"predecessor-version":[{"id":3374,"href":"http:\/\/alonsobenjamin.com\/index.php?rest_route=\/wp\/v2\/posts\/3364\/revisions\/3374"}],"wp:featuredmedia":[{"embeddable":true,"href":"http:\/\/alonsobenjamin.com\/index.php?rest_route=\/wp\/v2\/media\/3370"}],"wp:attachment":[{"href":"http:\/\/alonsobenjamin.com\/index.php?rest_route=%2Fwp%2Fv2%2Fmedia&parent=3364"}],"wp:term":[{"taxonomy":"category","embeddable":true,"href":"http:\/\/alonsobenjamin.com\/index.php?rest_route=%2Fwp%2Fv2%2Fcategories&post=3364"},{"taxonomy":"post_tag","embeddable":true,"href":"http:\/\/alonsobenjamin.com\/index.php?rest_route=%2Fwp%2Fv2%2Ftags&post=3364"}],"curies":[{"name":"wp","href":"https:\/\/api.w.org\/{rel}","templated":true}]}}